{"id":1340,"date":"2024-01-13T21:26:58","date_gmt":"2024-01-13T21:26:58","guid":{"rendered":"https:\/\/espacoambiental.com.br\/?p=1340"},"modified":"2024-01-13T21:27:01","modified_gmt":"2024-01-13T21:27:01","slug":"monitoramento-de-emissao-de-fumaca-preta-escala-ringelmann","status":"publish","type":"post","link":"https:\/\/espacoambiental.com.br\/?p=1340","title":{"rendered":"Monitoramento de Emiss\u00e3o de Fuma\u00e7a Preta &#8211; Escala Ringelmann"},"content":{"rendered":"\n<p>Em nossa miss\u00e3o cont\u00ednua de promover pr\u00e1ticas ambientais respons\u00e1veis, oferecemos servi\u00e7os especializados de monitoramento de emiss\u00f5es de fuma\u00e7a preta, em conformidade com a Escala Ringelmann e a Resolu\u00e7\u00e3o CONAMA n\u00ba 382\/2006. Nossa equipe de engenharia ambiental emprega tecnologias avan\u00e7adas para assegurar que as emiss\u00f5es estejam dentro dos limites estabelecidos, garantindo n\u00e3o apenas conformidade regulat\u00f3ria, mas tamb\u00e9m contribuindo para um ambiente mais saud\u00e1vel. Confie em n\u00f3s para liderar o caminho em dire\u00e7\u00e3o a um futuro onde o ar que respiramos \u00e9 mais puro e as pr\u00e1ticas industriais s\u00e3o sustent\u00e1veis.<\/p>\n\n\n\n<div class=\"wp-block-columns is-layout-flex wp-container-core-columns-is-layout-9d6595d7 wp-block-columns-is-layout-flex\">\n<div class=\"wp-block-column is-layout-flow wp-block-column-is-layout-flow\">\n<figure class=\"wp-block-gallery has-nested-images columns-default is-cropped wp-block-gallery-1 is-layout-flex wp-block-gallery-is-layout-flex\">\n<figure class=\"wp-block-image size-large\"><img fetchpriority=\"high\" decoding=\"async\" width=\"1024\" height=\"1024\" data-id=\"1342\" src=\"https:\/\/espacoambiental.com.br\/wp-content\/uploads\/2024\/01\/30-1-1024x1024.png\" alt=\"\" class=\"wp-image-1342\" srcset=\"https:\/\/espacoambiental.com.br\/wp-content\/uploads\/2024\/01\/30-1-1024x1024.png 1024w, https:\/\/espacoambiental.com.br\/wp-content\/uploads\/2024\/01\/30-1-300x300.png 300w, https:\/\/espacoambiental.com.br\/wp-content\/uploads\/2024\/01\/30-1-150x150.png 150w, https:\/\/espacoambiental.com.br\/wp-content\/uploads\/2024\/01\/30-1-768x768.png 768w, https:\/\/espacoambiental.com.br\/wp-content\/uploads\/2024\/01\/30-1.png 1080w\" sizes=\"(max-width: 1024px) 100vw, 1024px\" \/><\/figure>\n<\/figure>\n<\/div>\n\n\n\n<div class=\"wp-block-column is-layout-flow wp-block-column-is-layout-flow\"><\/div>\n<\/div>\n","protected":false},"excerpt":{"rendered":"<p>Em nossa miss\u00e3o cont\u00ednua de promover pr\u00e1ticas ambientais respons\u00e1veis, oferecemos servi\u00e7os especializados de monitoramento de emiss\u00f5es de fuma\u00e7a preta, em conformidade com a Escala Ringelmann e a Resolu\u00e7\u00e3o CONAMA n\u00ba 382\/2006. Nossa equipe de engenharia ambiental emprega tecnologias avan\u00e7adas para assegurar que as emiss\u00f5es estejam dentro dos limites estabelecidos, garantindo n\u00e3o apenas conformidade regulat\u00f3ria, mas tamb\u00e9m contribuindo para um ambiente [&hellip;]<\/p>\n","protected":false},"author":1,"featured_media":0,"comment_status":"open","ping_status":"open","sticky":false,"template":"","format":"standard","meta":{"_eb_attr":"","om_disable_all_campaigns":false,"_joinchat":[],"footnotes":""},"categories":[1],"tags":[],"class_list":["post-1340","post","type-post","status-publish","format-standard","hentry","category-uncategorized"],"aioseo_notices":[],"_links":{"self":[{"href":"https:\/\/espacoambiental.com.br\/index.php?rest_route=\/wp\/v2\/posts\/1340","targetHints":{"allow":["GET"]}}],"collection":[{"href":"https:\/\/espacoambiental.com.br\/index.php?rest_route=\/wp\/v2\/posts"}],"about":[{"href":"https:\/\/espacoambiental.com.br\/index.php?rest_route=\/wp\/v2\/types\/post"}],"author":[{"embeddable":true,"href":"https:\/\/espacoambiental.com.br\/index.php?rest_route=\/wp\/v2\/users\/1"}],"replies":[{"embeddable":true,"href":"https:\/\/espacoambiental.com.br\/index.php?rest_route=%2Fwp%2Fv2%2Fcomments&post=1340"}],"version-history":[{"count":1,"href":"https:\/\/espacoambiental.com.br\/index.php?rest_route=\/wp\/v2\/posts\/1340\/revisions"}],"predecessor-version":[{"id":1343,"href":"https:\/\/espacoambiental.com.br\/index.php?rest_route=\/wp\/v2\/posts\/1340\/revisions\/1343"}],"wp:attachment":[{"href":"https:\/\/espacoambiental.com.br\/index.php?rest_route=%2Fwp%2Fv2%2Fmedia&parent=1340"}],"wp:term":[{"taxonomy":"category","embeddable":true,"href":"https:\/\/espacoambiental.com.br\/index.php?rest_route=%2Fwp%2Fv2%2Fcategories&post=1340"},{"taxonomy":"post_tag","embeddable":true,"href":"https:\/\/espacoambiental.com.br\/index.php?rest_route=%2Fwp%2Fv2%2Ftags&post=1340"}],"curies":[{"name":"wp","href":"https:\/\/api.w.org\/{rel}","templated":true}]}}